{"id":277,"date":"2008-10-01T23:59:57","date_gmt":"2008-10-01T21:59:57","guid":{"rendered":"https:\/\/minus.jolinest.com\/?p=277"},"modified":"2008-10-10T17:27:37","modified_gmt":"2008-10-10T15:27:37","slug":"thank-you-all-my-facebook-friends-aka-my-first-official-picture","status":"publish","type":"post","link":"https:\/\/minus.jolinest.com\/?p=277","title":{"rendered":"Thank you All my FACEBOOK Friends ! aka. My first official picture"},"content":{"rendered":"<p><a href=\"https:\/\/minus.jolinest.com\/wp-content\/uploads\/2008\/10\/img_03721.jpg\"><img loading=\"lazy\" decoding=\"async\" class=\"alignnone size-medium wp-image-457\" title=\"img_03721\" src=\"https:\/\/minus.jolinest.com\/wp-content\/uploads\/2008\/10\/img_03721-225x300.jpg\" alt=\"\" width=\"225\" height=\"300\" \/><\/a><\/p>\n<p>Mummy Jane, Daddy Laurent and Me (James) would like to thank you all for your support and loving messages on Facebook !<\/p>\n<p>So once again big thanks for theses messages :<\/p>\n<p>Marine Clavreux <span class=\"wallmeta\"><span class=\"walltime\">at 8:02pm October 9<\/span><\/span><br \/>\n&#8220;F\u00e9licitations \u00e0\u00a0 tous les deux ! Il est tout mimi ce petit James !&#8221;<\/p>\n<p>&#8212;&#8212;&#8212;-<\/p>\n<div class=\"walltext\">\n<div id=\"text_expose_id_48ef6ada0b3e89c44882760\">\n<p>Perrine Decalf <span class=\"wallmeta\"><span class=\"walltime\">at 12:48am October 10<\/span><\/span><br \/>\n&#8220;oh la la la c&#8217;est tellement chou je suis tres heureuse pour vous !Il est tellment beau ! Un vrai champion ;-)&#8221;<\/p>\n<div>&#8212;&#8212;&#8212;-<\/p>\n<div class=\"story_title\"><span class=\"actor_name\">Thomas Fournier<\/span> wrote <span class=\"story_time\">at 5:40pm<\/span><\/div>\n<div class=\"story_text\">\n<div id=\"text_expose_id_48ef6ada0cf495a55567432\">&#8220;trop bien TROP BIEN !<br \/>\nEnfin !!<br \/>\net JAMES !!!! c&#8217;est super comme pr\u00e9nom!<br \/>\nBRAVO \u00e0\u00a0 Toi, \u00e0\u00a0 Lui, et \u00e0\u00a0 Minus aussi.<br \/>\nEssaie de te reposer un peu quand m\u00eame.&#8221;<br \/>\n&#8212;&#8212;&#8212;-<\/div>\n<\/div>\n<\/div>\n<p>Sophie Gomez <span class=\"wallmeta\"><span class=\"walltime\">at 4:26pm October 9<\/span><\/span><br \/>\n&#8220;Finalement! il avait pas l&#8217;air tr\u00e8s motiv\u00e9 pour sortir&#8230;<br \/>\nF\u00e9licitations!!!!! Enjoy parenthood!!!&#8221;<\/p>\n<div class=\"walltext\">\n<div id=\"text_expose_id_48ef6ada0db438e10006535\">\n<p>&#8212;&#8212;&#8212;-<\/p><\/div>\n<div>Lisette De Almeida <span class=\"wallmeta\"><span class=\"walltime\">at 5:55pm October 9<br \/>\n<\/span><\/span>&#8220;enfin petit minus est sorti de sa tani\u00e8re&#8230; Parab\u00e9ns!!!<br \/>\nun \u00e9norme bisou&#8221;<br \/>\n&#8212;&#8212;&#8212;-<\/p>\n<div class=\"story_title\"><span class=\"actor_name\">Castelli Priscille<\/span> wrote <span class=\"story_time\">at 11:51am<\/span><\/div>\n<div class=\"story_text\">\n<div id=\"text_expose_id_48ef6dc8d0d0c6b88832375\">&#8220;g\u00e9nial ce pr\u00e9nom ! Bravo ma Jane ! f\u00e9licatation et bienvenue \u00e0\u00a0 James Edgard Maximilan&#8230;je suis super heureuse pour toi qu&#8217;il soit enfin l\u00e0\u00a0&#8230;j&#8217;esp\u00e8re que tout c&#8217;est bien pass\u00e9&#8230;essaye de te reposer un max \u00e0\u00a0 l&#8217;hopital&#8230;.cette nouvelle va enfin ensolleiller nos tristes journ\u00e9es&#8230;encore BRAVO&#8230;bisous&#8221;<br \/>\n&#8212;&#8212;&#8212;-<\/p>\n<div class=\"story_title\"><span class=\"actor_name\">Clementine Senille<\/span> wrote <span class=\"story_time\">at 9:41am<\/span><\/div>\n<div>\n<div id=\"text_expose_id_48ef6dc8d14e00398964529\">&#8220;F\u00e9licitation et bienvenue au petit &#8216;JEMs&#8217; :)&#8221;<br \/>\n&#8212;&#8212;&#8212;-<\/p>\n<div class=\"story_title\"><span class=\"actor_name\">Marylene Moreau<\/span> wrote <span class=\"story_time\">at 11:20pm<\/span><\/div>\n<div class=\"story_text\">\n<div id=\"text_expose_id_48ef6dc8d1fd38569424809\">&#8220;Toutes mes f\u00e9licitations, Jane, pour le b\u00e9b\u00e9!&#8221;<br \/>\n&#8212;&#8212;&#8212;-<\/p>\n<div class=\"story_title\"><span class=\"actor_name\">Anabela Carvalho<\/span> wrote <span class=\"story_time\">at 10:11pm<\/span><\/div>\n<div class=\"story_text\">\n<div id=\"text_expose_id_48ef6dc8d28dd8283845546\">&#8220;F\u00e9licitations !!&#8221;<\/div>\n<\/div>\n<p>&#8212;&#8212;&#8212;-<\/p>\n<div class=\"story_title\"><span class=\"actor_name\">Marie Mulot<\/span> wrote <span class=\"story_time\">at 7:30pm<\/span><\/div>\n<div class=\"story_text\">\n<div id=\"text_expose_id_48ef6dc8d32236707144784\">&#8220;F\u00e9licitations Jane!!!! Il est super mignon! Profite bien de ces moments magiques (mais parfois fatigants! repose-toi d\u00e8s que tu peux parceque ces petites b\u00eates \u00e7a en demande de l&#8217;\u00e9nergie!&#8230; mais tu en as \u00e0\u00a0 revendre apr\u00e8s toute cette attente non?)&#8221;<\/div>\n<\/div>\n<p>&#8212;&#8212;&#8212;-<\/p>\n<div class=\"story_title\"><span class=\"actor_name\">Johanne Bernat<\/span> wrote <span class=\"story_time\">at 2:11pm<\/span><\/div>\n<div class=\"story_text\">\n<div id=\"text_expose_id_48ef6dc8d3d1f7284717880\">&#8220;Super m\u00e9ga bravo \u00e0\u00a0 la maman et au papa<br \/>\nTu vois que \u00e7a finit un jour ces 9 mois! Fais moi signe quand tu auras r\u00e9alis\u00e9 que tu as eu minus et qu&#8217;il te laissera 5 min \u00e0\u00a0 toi&#8230;<br \/>\n\u00c9normes bisous&#8221;<\/div>\n<\/div>\n<p>&#8212;&#8212;&#8212;-<\/p>\n<div class=\"story_title\"><span class=\"actor_name\">Yvan Coriat<\/span> wrote <span class=\"story_time\">at 12:53pm<\/span><\/div>\n<div>\n<div id=\"text_expose_id_48ef6dc8d461a3e52060254\">&#8220;Et \u00e7a ne nous rajeunit pas, quand je pense que je t&#8217;ai connue toute petite&#8230;..<br \/>\nJ&#8217;peux pas le croire, James ressemble \u00e0\u00a0 Laurent quand il est devant sa console !!!<br \/>\nWelcome donc !!!&#8221;<\/div>\n<\/div>\n<p>&#8212;&#8212;&#8212;-<\/p>\n<div class=\"story_title\"><span class=\"actor_name\">Jeanne Le Roy<\/span> wrote <span class=\"story_time\">at 11:17am<\/span><\/div>\n<div id=\"text_expose_id_48ef6dc8d54023f99211162\">&#8220;Une bonne nouvelle pour commencer la journ\u00e9e!!!!!!!!!<\/div>\n<div>Des bisous forts \u00e0\u00a0 tous les 3!!!!<br \/>\nA tr\u00e8s vite&#8221;<\/div>\n<p>&#8212;&#8212;&#8212;-<br \/>\nThibault Milet <span class=\"wallmeta\"><span class=\"walltime\">at 8:16am October 2<\/span><\/span><br \/>\n&#8220;AHHHHHHHHHHHH ENFIIINNNN Bienvenu James!!!! Et f\u00e9licitations!!!  Des bisous \u00e0\u00a0 vous trois&#8221;<\/p>\n<p>&#8212;&#8212;&#8212;-<br \/>\nGael De Angeli <span class=\"wallmeta\"><span class=\"walltime\">at 8:26am October 2<\/span><\/span><br \/>\n&#8220;mes f\u00e9licitations!!!<\/p>\n<p>et maintenant, que l&#8217;aventure commence&#8230;&#8221;<br \/>\n&#8212;&#8212;&#8212;-<br \/>\nGadenne Thomas <span class=\"wallmeta\"><span class=\"walltime\">at 9:21am October 2<\/span><\/span><br \/>\n&#8220;F\u00e9licitations \u00e0\u00a0 toi Jane&#8230;. je suis heureux pour vous et vous souhaite de vivre pleinement ces moments inoubliables &#8230;.<br \/>\nAu plaisir de rencontrer James un de ces 4 ;o))<br \/>\nBiz<br \/>\nTom&#8221;<\/p>\n<p>&#8212;&#8212;&#8212;-<\/p>\n<p>Perrine Decalf <span class=\"wallmeta\"><span class=\"walltime\">at 9:36am October 2<\/span><\/span><span><br \/>\n&#8220;Ouuuuuuuuaiiiiiiiiiiiiiiii<\/span>iiiissssssss !!! Bravo, congratulations !!! Benvenido James :-)&#8221;<br \/>\n&#8212;&#8212;&#8212;-<br \/>\nEmmanuel De B\u00e9jarry <span class=\"wallmeta\"><span class=\"walltime\">at 10:36am October 2<\/span><\/span><\/p>\n<p>&#8220;Toutes mes f\u00e9licitations!&#8221;<br \/>\n&#8212;&#8212;&#8212;-<br \/>\nCedric Ledoux <span class=\"wallmeta\"><span class=\"walltime\">at 4:19pm October 2<\/span><\/span><\/p>\n<p>&#8220;Bravissimo !!!! :)&#8221;<br \/>\n&#8212;&#8212;&#8212;-<br \/>\nPineau R\u00e9gis <span class=\"wallmeta\"><span class=\"walltime\">at 1:47pm October 3<\/span><\/span><\/p>\n<p>&#8220;Toutes nos f\u00e9licitations, Jane :)&#8221;<br \/>\n&#8212;&#8212;&#8212;-<br \/>\nAlex Nervi <span class=\"wallmeta\"><span class=\"walltime\">at 9:19am October 1<\/span><\/span><\/p>\n<p>&#8220;Huhu Jaaaaane, tiens nous au courant !&#8221;<br \/>\n&#8212;&#8212;&#8212;-<br \/>\nGilles Gandara <span class=\"wallmeta\"><span class=\"walltime\">at 9:26am October 1<\/span><\/span><\/p>\n<p>&#8220;Yessssss, allez, pousse !&#8221;<br \/>\n&#8212;&#8212;&#8212;-<br \/>\nCastelli Priscille <span class=\"wallmeta\"><span class=\"walltime\">at 10:05am October 1<\/span><\/span><\/p>\n<p>&#8220;A fond ma jane ! tu vas nous faire un super b\u00e9b\u00e9 !&#8221;<br \/>\n&#8212;&#8212;&#8212;-<\/p>\n<div class=\"column author_info\">\n<div class=\"date\">Ozgun Ozlu at 10:53am October 10<\/div>\n<\/div>\n<p>&#8220;Slt Jane, je viens de voir les photos&#8230; !!!<br \/>\nFelicitations.<br \/>\nBonne fin de journee.&#8221;&#8212;&#8212;&#8212;-<\/p>\n<div class=\"column author_info\">\n<div class=\"date\">Alexandre Faure at 5:57pm October 3<\/div>\n<\/div>\n<div id=\"scroll_here\" class=\"column body\">\n<div class=\"text\">&#8220;mais non je n&#8217;ai pas chang\u00e9&#8230; pourquoi changer ? bravo donc quand m\u00eame et avant tout. ensuite et surtout : qui est directeur conseil couches et mauvaises odeurs ? enfin et sinon : tout va bien ? d\u00e9j\u00e0\u00a0 rentr\u00e9e \u00e0\u00a0 la maison ? \u00e0\u00a0 quand le deuxi\u00e8me ? biz&#8221;<\/div>\n<\/div>\n<p>&#8212;&#8212;&#8212;-<\/p>\n<div class=\"column author_info\">\n<div class=\"date\">Lamia Hadoudou at 11:16am October 3<\/div>\n<\/div>\n<p>&#8220;Coucou Jane,<br \/>\nToutes mes f\u00e9licitations !!!<br \/>\nLe petit James est \u00e0\u00a0 croquer \ud83d\ude42<br \/>\nJ&#8217;esp\u00e8re que tu te remets bien de l&#8217;accouchement et que \u00e7a n&#8217;a pas \u00e9t\u00e9 trop difficile.<br \/>\nOn pense \u00e0\u00a0 toi tr\u00e8s fort.<br \/>\nBisous<br \/>\nLamia&#8221;&#8212;&#8212;&#8212;-<\/p>\n<div class=\"column author_info\">\n<div class=\"date\">Marie-Charlotte Belmonte at 1:32am October 2<\/div>\n<\/div>\n<div id=\"scroll_here\" class=\"column body\">\n<div class=\"text\">&#8220;Hi<br \/>\nJe viens de voir la photo de ton baby, il est vraiment tr\u00e8s tr\u00e8s chou \ud83d\ude42 Felicitations \u00e0\u00a0 Toi et Laurent, je suis vraiment tr\u00e8s heureuse pour toi.<br \/>\nComment s appelle Minus alors ? Tu n es pas trop fatigu\u00e9e ?<br \/>\nRemets toi bien et profite de ces premiers jours<br \/>\nBises<br \/>\nMC&#8221;<\/div>\n<\/div>\n<p>&#8212;&#8212;&#8212;-<\/p><\/div>\n<\/div>\n<\/div>\n<\/div>\n<\/div>\n<\/div>\n<\/div>\n<\/div>\n<\/div>\n<\/div>\n","protected":false},"excerpt":{"rendered":"<p>Mummy Jane, Daddy Laurent and Me (James) would like to thank you all for your support and loving messages on Facebook ! So once again big thanks for theses messages : Marine Clavreux at 8:02pm October 9 &#8220;F\u00e9licitations \u00e0\u00a0 tous les deux ! Il est tout mimi ce petit James !&#8221; &#8212;&#8212;&#8212;- Perrine Decalf at [&hellip;]<\/p>\n","protected":false},"author":1,"featured_media":0,"comment_status":"open","ping_status":"open","sticky":false,"template":"","format":"standard","meta":{"footnotes":""},"categories":[11,43,33],"tags":[13,37],"class_list":["post-277","post","type-post","status-publish","format-standard","hentry","category-thank-you","category-my-friends","category-james-photos","tag-friends","tag-james"],"_links":{"self":[{"href":"https:\/\/minus.jolinest.com\/index.php?rest_route=\/wp\/v2\/posts\/277"}],"collection":[{"href":"https:\/\/minus.jolinest.com\/index.php?rest_route=\/wp\/v2\/posts"}],"about":[{"href":"https:\/\/minus.jolinest.com\/index.php?rest_route=\/wp\/v2\/types\/post"}],"author":[{"embeddable":true,"href":"https:\/\/minus.jolinest.com\/index.php?rest_route=\/wp\/v2\/users\/1"}],"replies":[{"embeddable":true,"href":"https:\/\/minus.jolinest.com\/index.php?rest_route=%2Fwp%2Fv2%2Fcomments&post=277"}],"version-history":[{"count":8,"href":"https:\/\/minus.jolinest.com\/index.php?rest_route=\/wp\/v2\/posts\/277\/revisions"}],"predecessor-version":[{"id":463,"href":"https:\/\/minus.jolinest.com\/index.php?rest_route=\/wp\/v2\/posts\/277\/revisions\/463"}],"wp:attachment":[{"href":"https:\/\/minus.jolinest.com\/index.php?rest_route=%2Fwp%2Fv2%2Fmedia&parent=277"}],"wp:term":[{"taxonomy":"category","embeddable":true,"href":"https:\/\/minus.jolinest.com\/index.php?rest_route=%2Fwp%2Fv2%2Fcategories&post=277"},{"taxonomy":"post_tag","embeddable":true,"href":"https:\/\/minus.jolinest.com\/index.php?rest_route=%2Fwp%2Fv2%2Ftags&post=277"}],"curies":[{"name":"wp","href":"https:\/\/api.w.org\/{rel}","templated":true}]}}